{"id":594,"date":"2024-06-06T23:23:37","date_gmt":"2024-06-07T02:23:37","guid":{"rendered":"https:\/\/radiovilardevoz.org\/?p=594"},"modified":"2025-08-20T17:03:29","modified_gmt":"2025-08-20T20:03:29","slug":"nuevo-espacio-de-transmision","status":"publish","type":"post","link":"https:\/\/radiovilardevoz.org\/?p=594","title":{"rendered":"Nuevo espacio de transmisi\u00f3n"},"content":{"rendered":"<h5 style=\"text-align: right;\">01 de diciembre de 2021<\/h5>\n<h4 class=\"title\">Nuevo espacio para radio Vilardevoz<\/h4>\n<div class=\"field field-name-field-not-copete field-type-text-long field-label-hidden\">\n<div class=\"field-items\">\n<div class=\"field-item even\">La Intendencia de Montevideo cedi\u00f3 un local en Ciudad Vieja para el funcionamiento de la radio comunitaria Vilardevoz.<\/div>\n<\/div>\n<\/div>\n<div class=\"field field-name-field-not-cuerpo field-type-text-long field-label-hidden\">\n<div class=\"field-items\">\n<div class=\"field-item even\">\n<p>Se trata del inmueble ubicado en calle\u00a0<strong>Ituzaing\u00f3 1600 esquina 25 de Agosto<\/strong>, recuperado a trav\u00e9s del\u00a0<a href=\"https:\/\/montevideo.gub.uy\/areas-tematicas\/ciudad-y-urbanismo\/programa-fincas-abandonadas\" target=\"_blanck\" rel=\"noopener\"><strong>programa Fincas Abandonadas<\/strong><\/a>.<\/p>\n<p>A trav\u00e9s de este programa\u00a0<strong>la Intendencia recupera inmuebles ubicados en \u00e1reas centrales de Montevideo<\/strong>, que se encuentran abandonados, deteriorados y con deudas por obligaciones para con la comuna. Se realiz\u00f3 un reciclaje del espacio que incluy\u00f3 la instalaci\u00f3n de ba\u00f1os, pisos, cocina y red el\u00e9ctrica.<\/p>\n<p>La <strong>radio Vilardevoz<\/strong>, que\u00a0<strong>lleva activa m\u00e1s de 20 a\u00f1os como medio alternativo de comunicaci\u00f3n<\/strong>, present\u00f3 un proyecto a la Intendencia para lograr un espacio donde poder desarrollarse. Fue as\u00ed que se les otorg\u00f3 este lugar.<\/p>\n<p>Radio Vilardevoz es una radio comunitaria y un dispositivo alternativo de salud mental, que surgi\u00f3 en el a\u00f1o 1997. Est\u00e1 conformada por usuarias\/os del servicio de Salud Mental, psic\u00f3logas\/os y estudiantes de la Licenciatura en Psicolog\u00eda.<\/p>\n<p>Es un proyecto de intervenci\u00f3n social-comunitaria cuya sede hasta ahora se encuentra en el hospital psiqui\u00e1trico Vilardeb\u00f3 y que desarrolla su trabajo sobre tres ejes: la salud mental, el desarrollo comunicacional y la participaci\u00f3n.<\/p>\n<\/div>\n<\/div>\n<\/div>\n<div class=\"field field-name-field-cmp-direccion field-type-text field-label-above\">\n<div class=\"field-items\"><\/div>\n<\/div>\n<div>Fuente: https:\/\/montevideo.gub.uy\/noticias\/urbanismo-y-obras\/nuevo-espacio-para-radio-vilardevoz-y-contonia-fm<\/div>\n<div><\/div>\n<p><iframe class=\"video\" title=\"YouTube video player\" src=\"https:\/\/www.youtube.com\/embed\/zbbjTQGwdmo?si=SyXQoE9H11JMPx1n\" width=\"560\" height=\"315\" frameborder=\"0\" allowfullscreen=\"allowfullscreen\"><\/iframe><\/p>\n<p>&nbsp;<\/p>\n<p><iframe class=\"video\" title=\"YouTube video player\" src=\"https:\/\/www.youtube.com\/embed\/kGqhZO53CXA?si=Xy7Um9t3537a9Sr3\" width=\"560\" height=\"315\" frameborder=\"0\" allowfullscreen=\"allowfullscreen\"><\/iframe><\/p>\n<div class=\"pvc_clear\"><\/div>\n<p id=\"pvc_stats_594\" class=\"pvc_stats all  \" data-element-id=\"594\" style=\"\"><i class=\"pvc-stats-icon large\" aria-hidden=\"true\"><svg aria-hidden=\"true\" focusable=\"false\" data-prefix=\"far\" data-icon=\"chart-bar\" role=\"img\" xmlns=\"http:\/\/www.w3.org\/2000\/svg\" viewBox=\"0 0 512 512\" class=\"svg-inline--fa fa-chart-bar fa-w-16 fa-2x\"><path fill=\"currentColor\" d=\"M396.8 352h22.4c6.4 0 12.8-6.4 12.8-12.8V108.8c0-6.4-6.4-12.8-12.8-12.8h-22.4c-6.4 0-12.8 6.4-12.8 12.8v230.4c0 6.4 6.4 12.8 12.8 12.8zm-192 0h22.4c6.4 0 12.8-6.4 12.8-12.8V140.8c0-6.4-6.4-12.8-12.8-12.8h-22.4c-6.4 0-12.8 6.4-12.8 12.8v198.4c0 6.4 6.4 12.8 12.8 12.8zm96 0h22.4c6.4 0 12.8-6.4 12.8-12.8V204.8c0-6.4-6.4-12.8-12.8-12.8h-22.4c-6.4 0-12.8 6.4-12.8 12.8v134.4c0 6.4 6.4 12.8 12.8 12.8zM496 400H48V80c0-8.84-7.16-16-16-16H16C7.16 64 0 71.16 0 80v336c0 17.67 14.33 32 32 32h464c8.84 0 16-7.16 16-16v-16c0-8.84-7.16-16-16-16zm-387.2-48h22.4c6.4 0 12.8-6.4 12.8-12.8v-70.4c0-6.4-6.4-12.8-12.8-12.8h-22.4c-6.4 0-12.8 6.4-12.8 12.8v70.4c0 6.4 6.4 12.8 12.8 12.8z\" class=\"\"><\/path><\/svg><\/i> <img decoding=\"async\" width=\"16\" height=\"16\" alt=\"Loading\" src=\"https:\/\/radiovilardevoz.org\/wp-content\/plugins\/page-views-count\/ajax-loader-2x.gif\" border=0 \/><\/p>\n<div class=\"pvc_clear\"><\/div>\n","protected":false},"excerpt":{"rendered":"<p>01 de diciembre de 2021 Nuevo espacio para radio Vilardevoz La Intendencia de Montevideo cedi\u00f3 un local en Ciudad Vieja para el funcionamiento de la radio comunitaria Vilardevoz. Se trata&hellip; <\/p>\n<div class=\"pvc_clear\"><\/div>\n<p id=\"pvc_stats_594\" class=\"pvc_stats all  \" data-element-id=\"594\" style=\"\"><i class=\"pvc-stats-icon large\" aria-hidden=\"true\"><svg aria-hidden=\"true\" focusable=\"false\" data-prefix=\"far\" data-icon=\"chart-bar\" role=\"img\" xmlns=\"http:\/\/www.w3.org\/2000\/svg\" viewBox=\"0 0 512 512\" class=\"svg-inline--fa fa-chart-bar fa-w-16 fa-2x\"><path fill=\"currentColor\" d=\"M396.8 352h22.4c6.4 0 12.8-6.4 12.8-12.8V108.8c0-6.4-6.4-12.8-12.8-12.8h-22.4c-6.4 0-12.8 6.4-12.8 12.8v230.4c0 6.4 6.4 12.8 12.8 12.8zm-192 0h22.4c6.4 0 12.8-6.4 12.8-12.8V140.8c0-6.4-6.4-12.8-12.8-12.8h-22.4c-6.4 0-12.8 6.4-12.8 12.8v198.4c0 6.4 6.4 12.8 12.8 12.8zm96 0h22.4c6.4 0 12.8-6.4 12.8-12.8V204.8c0-6.4-6.4-12.8-12.8-12.8h-22.4c-6.4 0-12.8 6.4-12.8 12.8v134.4c0 6.4 6.4 12.8 12.8 12.8zM496 400H48V80c0-8.84-7.16-16-16-16H16C7.16 64 0 71.16 0 80v336c0 17.67 14.33 32 32 32h464c8.84 0 16-7.16 16-16v-16c0-8.84-7.16-16-16-16zm-387.2-48h22.4c6.4 0 12.8-6.4 12.8-12.8v-70.4c0-6.4-6.4-12.8-12.8-12.8h-22.4c-6.4 0-12.8 6.4-12.8 12.8v70.4c0 6.4 6.4 12.8 12.8 12.8z\" class=\"\"><\/path><\/svg><\/i> <img decoding=\"async\" width=\"16\" height=\"16\" alt=\"Loading\" src=\"https:\/\/radiovilardevoz.org\/wp-content\/plugins\/page-views-count\/ajax-loader-2x.gif\" border=0 \/><\/p>\n<div class=\"pvc_clear\"><\/div>\n","protected":false},"author":7,"featured_media":93,"comment_status":"open","ping_status":"open","sticky":false,"template":"","format":"standard","meta":{"footnotes":""},"categories":[25,7],"tags":[],"class_list":["post-594","post","type-post","status-publish","format-standard","has-post-thumbnail","hentry","category-audiovisuales","category-noticias-destacadas"],"_links":{"self":[{"href":"https:\/\/radiovilardevoz.org\/index.php?rest_route=\/wp\/v2\/posts\/594","targetHints":{"allow":["GET"]}}],"collection":[{"href":"https:\/\/radiovilardevoz.org\/index.php?rest_route=\/wp\/v2\/posts"}],"about":[{"href":"https:\/\/radiovilardevoz.org\/index.php?rest_route=\/wp\/v2\/types\/post"}],"author":[{"embeddable":true,"href":"https:\/\/radiovilardevoz.org\/index.php?rest_route=\/wp\/v2\/users\/7"}],"replies":[{"embeddable":true,"href":"https:\/\/radiovilardevoz.org\/index.php?rest_route=%2Fwp%2Fv2%2Fcomments&post=594"}],"version-history":[{"count":10,"href":"https:\/\/radiovilardevoz.org\/index.php?rest_route=\/wp\/v2\/posts\/594\/revisions"}],"predecessor-version":[{"id":2910,"href":"https:\/\/radiovilardevoz.org\/index.php?rest_route=\/wp\/v2\/posts\/594\/revisions\/2910"}],"wp:featuredmedia":[{"embeddable":true,"href":"https:\/\/radiovilardevoz.org\/index.php?rest_route=\/wp\/v2\/media\/93"}],"wp:attachment":[{"href":"https:\/\/radiovilardevoz.org\/index.php?rest_route=%2Fwp%2Fv2%2Fmedia&parent=594"}],"wp:term":[{"taxonomy":"category","embeddable":true,"href":"https:\/\/radiovilardevoz.org\/index.php?rest_route=%2Fwp%2Fv2%2Fcategories&post=594"},{"taxonomy":"post_tag","embeddable":true,"href":"https:\/\/radiovilardevoz.org\/index.php?rest_route=%2Fwp%2Fv2%2Ftags&post=594"}],"curies":[{"name":"wp","href":"https:\/\/api.w.org\/{rel}","templated":true}]}}