{"id":598,"date":"2024-06-06T23:36:02","date_gmt":"2024-06-07T02:36:02","guid":{"rendered":"https:\/\/radiovilardevoz.org\/?p=598"},"modified":"2024-07-20T04:22:59","modified_gmt":"2024-07-20T07:22:59","slug":"cierre-de-los-manicomios","status":"publish","type":"post","link":"https:\/\/radiovilardevoz.org\/?p=598","title":{"rendered":"Cierre de los manicomios"},"content":{"rendered":"<h5 style=\"text-align: right;\">16 de octubre de 2017<\/h5>\n<h2>Proyecto para cerrar manicomios y sustituirlos en 2025, cambiar\u00e1 enfoque de salud mental<\/h2>\n<p>Uruguay explora distintas alternativas de atenci\u00f3n de salud mental que se pondr\u00e1n en marcha una vez que se logre el cierre de los manicomios, previsto para 2025, dijo a Sputnik la psic\u00f3loga Mar\u00eda Paula Correa, en el marco del D\u00eda Mundial de la Salud Mental. \u201cA partir del cierre de los hospitales monovalentes para 2025 pensamos que es necesario que se establezcan dispositivos sustitutivos con recursos, porque actualmente no hay una red que pueda sostener el cierre de los manicomios sin que las personas queden sin atenci\u00f3n, es imperiosa la necesidad de que se empiecen a establecer\u201d afirm\u00f3 Correa, vocera de la Asamblea Instituyente por Salud Mental, Desmanicomializaci\u00f3n y Vida Digna.<br \/>\nEn 2012 se cre\u00f3 la Asamblea, que re\u00fane organizaciones, usuarios de servicios de salud mental, familiares, profesionales y grupos que trabajan para hacer visible la vulneraci\u00f3n de las personas en el actual sistema y que participaron en la redacci\u00f3n de la nueva ley. En Montevideo, se realiz\u00f3 la VI marcha por salud mental como forma de visibilizar esta problem\u00e1tica y tambi\u00e9n comenz\u00f3 el V Encuentro Antimanicomial, que \u201ctiene que ver con qu\u00e9 hacemos con la locura, con la nuestra o la de los otros\u201d, dijo Correa.<br \/>\nItalia es un ejemplo en cuanto a sacar la atenci\u00f3n de salud mental de los hospitales psiqui\u00e1tricos, debido a que en 1978 aprob\u00f3 la \u201cley Basaglia\u201d, en honor al psiquiatra Franco Basaglia, considerado el padre de la psiquiatr\u00eda sin manicomios. La ley 180 fue la primera norma nacional que logr\u00f3 que se cerraran las instituciones psiqui\u00e1tricas, excepto las penitenciarias, a finales de los a\u00f1os 90, que se generaran otros servicios que permitieran a los usuarios de estos centros integrarse a la sociedad y que se garantizaran derechos a estas personas. En Uruguay, la nueva ley establece que en 2025 se cerrar\u00e1n todos los manicomios y las colonias psiqui\u00e1tricas para dar paso a una nueva etapa.<br \/>\nLa norma establece que una persona puede ser internada contra su voluntad solo si los m\u00e9dicos o un juez consideran que hay \u201criesgo de vida\u201d para s\u00ed misma o terceros. \u201cEn la ley se establece que se van a cerrar y se va a tender a la desinstitucionalizaci\u00f3n. El tema es c\u00f3mo se har\u00e1, es eso lo que viene faltando, lo que se enuncia desde las autoridades es que esto va a quedar m\u00e1s especificado en lo que es la reglamentaci\u00f3n\u201d, explic\u00f3 Correa. Se requieren asimismo \u201ccentros culturales, posibilidades de trabajo, una inserci\u00f3n real con respeto a las condiciones de las personas y reafirmar esos puntos es importante para que esta ley pueda estar llena de vida y que no quede solamente escrita\u201d, observ\u00f3. La ley de salud mental que rigi\u00f3 en Uruguay hasta agosto de este a\u00f1o fue la N\u00ba 9.581, tambi\u00e9n llamada Ley del Psic\u00f3pata, aprobada el 24 de agosto de 1936, es decir hace 81 a\u00f1os.<br \/>\n\u201cEsta ley no supera la anterior: cambi\u00e1s la denominaci\u00f3n de psic\u00f3pata a trastornado, sigue monopoliz\u00e1ndose dentro de la disciplina m\u00e9dica, y no hay mecanismos de contralor para que no se vulneren los derechos; hay una especie de intenci\u00f3n o de deseo de hablar desde una perspectiva de derechos, pero en cosas medulares la ley sigue recayendo en ver a las personas desde las patolog\u00edas y no como sujetos de derecho\u201d, explic\u00f3 Germ\u00e1n Dorta, tambi\u00e9n vocero de la Asamblea. Esta red de grupos cuestiona la definici\u00f3n de \u201ctrastorno mental\u201d, por ser una \u201ccategor\u00eda que estigmatiza y patologiza a las personas\u201d, adem\u00e1s de ir contra tratados internacionales como la Convenci\u00f3n de los Derechos de las Personas con Discapacidad.<\/p>\n<p>Fuente: https:\/\/www.eltelegrafo.com\/2017\/10\/proyecto-para-cerrar-manicomios-y-sustituirlos-en-2025-cambiara-enfoque-de-salud-mental\/#:~:text=En%20Uruguay%2C%20la%20nueva%20ley,para%20s%C3%AD%20misma%20o%20terceros<\/p>\n<div class=\"pvc_clear\"><\/div>\n<p id=\"pvc_stats_598\" class=\"pvc_stats all  \" data-element-id=\"598\" style=\"\"><i class=\"pvc-stats-icon large\" aria-hidden=\"true\"><svg aria-hidden=\"true\" focusable=\"false\" data-prefix=\"far\" data-icon=\"chart-bar\" role=\"img\" xmlns=\"http:\/\/www.w3.org\/2000\/svg\" viewBox=\"0 0 512 512\" class=\"svg-inline--fa fa-chart-bar fa-w-16 fa-2x\"><path fill=\"currentColor\" d=\"M396.8 352h22.4c6.4 0 12.8-6.4 12.8-12.8V108.8c0-6.4-6.4-12.8-12.8-12.8h-22.4c-6.4 0-12.8 6.4-12.8 12.8v230.4c0 6.4 6.4 12.8 12.8 12.8zm-192 0h22.4c6.4 0 12.8-6.4 12.8-12.8V140.8c0-6.4-6.4-12.8-12.8-12.8h-22.4c-6.4 0-12.8 6.4-12.8 12.8v198.4c0 6.4 6.4 12.8 12.8 12.8zm96 0h22.4c6.4 0 12.8-6.4 12.8-12.8V204.8c0-6.4-6.4-12.8-12.8-12.8h-22.4c-6.4 0-12.8 6.4-12.8 12.8v134.4c0 6.4 6.4 12.8 12.8 12.8zM496 400H48V80c0-8.84-7.16-16-16-16H16C7.16 64 0 71.16 0 80v336c0 17.67 14.33 32 32 32h464c8.84 0 16-7.16 16-16v-16c0-8.84-7.16-16-16-16zm-387.2-48h22.4c6.4 0 12.8-6.4 12.8-12.8v-70.4c0-6.4-6.4-12.8-12.8-12.8h-22.4c-6.4 0-12.8 6.4-12.8 12.8v70.4c0 6.4 6.4 12.8 12.8 12.8z\" class=\"\"><\/path><\/svg><\/i> <img decoding=\"async\" width=\"16\" height=\"16\" alt=\"Loading\" src=\"https:\/\/radiovilardevoz.org\/wp-content\/plugins\/page-views-count\/ajax-loader-2x.gif\" border=0 \/><\/p>\n<div class=\"pvc_clear\"><\/div>\n","protected":false},"excerpt":{"rendered":"<p>16 de octubre de 2017 Proyecto para cerrar manicomios y sustituirlos en 2025, cambiar\u00e1 enfoque de salud mental Uruguay explora distintas alternativas de atenci\u00f3n de salud mental que se pondr\u00e1n&hellip; <\/p>\n<div class=\"pvc_clear\"><\/div>\n<p id=\"pvc_stats_598\" class=\"pvc_stats all  \" data-element-id=\"598\" style=\"\"><i class=\"pvc-stats-icon large\" aria-hidden=\"true\"><svg aria-hidden=\"true\" focusable=\"false\" data-prefix=\"far\" data-icon=\"chart-bar\" role=\"img\" xmlns=\"http:\/\/www.w3.org\/2000\/svg\" viewBox=\"0 0 512 512\" class=\"svg-inline--fa fa-chart-bar fa-w-16 fa-2x\"><path fill=\"currentColor\" d=\"M396.8 352h22.4c6.4 0 12.8-6.4 12.8-12.8V108.8c0-6.4-6.4-12.8-12.8-12.8h-22.4c-6.4 0-12.8 6.4-12.8 12.8v230.4c0 6.4 6.4 12.8 12.8 12.8zm-192 0h22.4c6.4 0 12.8-6.4 12.8-12.8V140.8c0-6.4-6.4-12.8-12.8-12.8h-22.4c-6.4 0-12.8 6.4-12.8 12.8v198.4c0 6.4 6.4 12.8 12.8 12.8zm96 0h22.4c6.4 0 12.8-6.4 12.8-12.8V204.8c0-6.4-6.4-12.8-12.8-12.8h-22.4c-6.4 0-12.8 6.4-12.8 12.8v134.4c0 6.4 6.4 12.8 12.8 12.8zM496 400H48V80c0-8.84-7.16-16-16-16H16C7.16 64 0 71.16 0 80v336c0 17.67 14.33 32 32 32h464c8.84 0 16-7.16 16-16v-16c0-8.84-7.16-16-16-16zm-387.2-48h22.4c6.4 0 12.8-6.4 12.8-12.8v-70.4c0-6.4-6.4-12.8-12.8-12.8h-22.4c-6.4 0-12.8 6.4-12.8 12.8v70.4c0 6.4 6.4 12.8 12.8 12.8z\" class=\"\"><\/path><\/svg><\/i> <img decoding=\"async\" width=\"16\" height=\"16\" alt=\"Loading\" src=\"https:\/\/radiovilardevoz.org\/wp-content\/plugins\/page-views-count\/ajax-loader-2x.gif\" border=0 \/><\/p>\n<div class=\"pvc_clear\"><\/div>\n","protected":false},"author":7,"featured_media":126,"comment_status":"open","ping_status":"open","sticky":false,"template":"","format":"standard","meta":{"footnotes":""},"categories":[14],"tags":[],"class_list":["post-598","post","type-post","status-publish","format-standard","has-post-thumbnail","hentry","category-antimanicomialidades"],"_links":{"self":[{"href":"https:\/\/radiovilardevoz.org\/index.php?rest_route=\/wp\/v2\/posts\/598","targetHints":{"allow":["GET"]}}],"collection":[{"href":"https:\/\/radiovilardevoz.org\/index.php?rest_route=\/wp\/v2\/posts"}],"about":[{"href":"https:\/\/radiovilardevoz.org\/index.php?rest_route=\/wp\/v2\/types\/post"}],"author":[{"embeddable":true,"href":"https:\/\/radiovilardevoz.org\/index.php?rest_route=\/wp\/v2\/users\/7"}],"replies":[{"embeddable":true,"href":"https:\/\/radiovilardevoz.org\/index.php?rest_route=%2Fwp%2Fv2%2Fcomments&post=598"}],"version-history":[{"count":5,"href":"https:\/\/radiovilardevoz.org\/index.php?rest_route=\/wp\/v2\/posts\/598\/revisions"}],"predecessor-version":[{"id":954,"href":"https:\/\/radiovilardevoz.org\/index.php?rest_route=\/wp\/v2\/posts\/598\/revisions\/954"}],"wp:featuredmedia":[{"embeddable":true,"href":"https:\/\/radiovilardevoz.org\/index.php?rest_route=\/wp\/v2\/media\/126"}],"wp:attachment":[{"href":"https:\/\/radiovilardevoz.org\/index.php?rest_route=%2Fwp%2Fv2%2Fmedia&parent=598"}],"wp:term":[{"taxonomy":"category","embeddable":true,"href":"https:\/\/radiovilardevoz.org\/index.php?rest_route=%2Fwp%2Fv2%2Fcategories&post=598"},{"taxonomy":"post_tag","embeddable":true,"href":"https:\/\/radiovilardevoz.org\/index.php?rest_route=%2Fwp%2Fv2%2Ftags&post=598"}],"curies":[{"name":"wp","href":"https:\/\/api.w.org\/{rel}","templated":true}]}}