{"id":663,"date":"2024-06-07T21:01:47","date_gmt":"2024-06-08T00:01:47","guid":{"rendered":"https:\/\/radiovilardevoz.org\/?p=663"},"modified":"2024-07-20T04:15:35","modified_gmt":"2024-07-20T07:15:35","slug":"documental-locura-al-aire","status":"publish","type":"post","link":"https:\/\/radiovilardevoz.org\/?p=663","title":{"rendered":"Documental \u00abLocura al aire\u00bb"},"content":{"rendered":"<h5 style=\"text-align: right;\">27 de octubre de 2020<\/h5>\n<h2>Resumen<\/h2>\n<p>En un deteriorado hospital psiqui\u00e1trico de Montevideo funciona desde hace 20 a\u00f1os Radio Vilardevoz, conducida por un grupo variopinto de pacientes y psic\u00f3logos. Cuando son invitados a participar de un encuentro de \u201cradios locas\u201d en M\u00e9xico, la excusa del viaje nos abre una ventana hacia los sue\u00f1os, expectativas y sentimientos de un colectivo que, mediante el afecto, nos interpela sobre nuestra forma de lidiar con la locura.<\/p>\n<h2>Trailer<\/h2>\n<p><iframe class=\"video\" title=\"YouTube video player\" src=\"https:\/\/www.youtube.com\/embed\/j73sTAzFxws?si=mPPB8KZ8WUa0nfxv\" width=\"560\" height=\"315\" frameborder=\"0\" allowfullscreen=\"allowfullscreen\"><\/iframe><\/p>\n<p><strong>El buen resplandor<\/strong><\/p>\n<p>Esto de escribir sobre cine y tratar de volcar lo que sentimos nos hace transitar por estados muy diversos. Solo en raras oportunidades, esa conjunci\u00f3n de lo b\u00e1sicamente cinematogr\u00e1fico con el esp\u00edritu que se logra transmitir &#8211; algo as\u00ed como la forma y el concepto &#8211; provoca una sensaci\u00f3n de plenitud tal que no podemos hacer otra cosa que agradecer a quienes hicieron posible la obra en cuesti\u00f3n. En este documental estamos ante uno de esos casos.<\/p>\n<p>La Radio Vilardevoz es una radio comunitaria que funciona desde 1997; se gestiona de forma cooperativa, y est\u00e1 ubicada f\u00edsicamente en el predio del Hospital siqui\u00e1trico de la avenida Mill\u00e1n. Sic\u00f3logos, internos y pacientes ambulantes abordan en las diferentes emisiones (los s\u00e1bados son los d\u00edas de salida al aire, mientras que el resto de la semana tienen lugar talleres de diversa \u00edndole) aspectos relativos a la salud mental, alternando con programas de tem\u00e1ticas m\u00e1s generales y con una entrevista central la mayor\u00eda de las veces.<\/p>\n<p>Las directoras Alicia Cano (<em>El Bella Vista<\/em>, 2012) y Leticia Cuba toman como excusa los preparativos de un viaje a M\u00e9xico a una especie de congreso de radios llevadas adelante por pacientes siqui\u00e1tricos, y se meten en el coraz\u00f3n del proyecto. Tomando como referencia a los futuros viajantes la pel\u00edcula logra, con una precisi\u00f3n llamativa y bienvenida, reflejar las inquietudes de los enfermos y sus asuntos m\u00e1s personales; el mejor ejemplo es la real expectativa con que seguimos la historia de amor entre la inefable Olga y el locutor Manuel, o la disyuntiva de Carolina entre cumplir su deseo de ser madre o seguir tomando la medicaci\u00f3n que le indicaron.<\/p>\n<p>El tono amable y afectuoso no se abandona a\u00fan en los momentos m\u00e1s duros; sin embargo, el tino de una c\u00e1mara en absoluto invasiva, pero siempre atenta a miradas, a peque\u00f1os y\/o grandes gestos, no nos deja olvidar quienes son estos seres humanos entra\u00f1ables y cu\u00e1l es su realidad. Y es ah\u00ed donde ese logro de las directoras se transforma casi en una proeza, ya que en ning\u00fan momento se les va de las manos esa pel\u00edcula que quer\u00edan hacer. La reflexi\u00f3n y la emoci\u00f3n surgen desde un lugar que no deja de lado la realidad, pero que no apela a una sensibler\u00eda que, teniendo en cuenta el tema en cuesti\u00f3n, pod\u00eda derivar en artificiosos golpes bajos.<\/p>\n<p>La pericia en la edici\u00f3n de Valentina Leduc &#8211; supongo que tambi\u00e9n la de Fernando Epstein, uno de los productores y con valiosos antecedentes como editor &#8211; es vital para que incluso la forma en que se nos brinda la informaci\u00f3n sobre cada uno de los pacientes aparezca en el momento justo. Es as\u00ed como con el correr de la narraci\u00f3n caemos en la cuenta que los futuros viajeros son pacientes ambulantes que no residen en el hospital; acompa\u00f1amos a Gustavo y su solidaridad en la marcha en relaci\u00f3n a los desaparecidos en Ayotzinapa y a Carolina en su intento de que todos se corten el pelo con ella.<\/p>\n<p>La forma en que se aborda la salud mental en Uruguay sobrevuela casi continuamente. Si bien se admite que los tratamientos utilizados pueden ser efectivos en las crisis agudas, las mayores cr\u00edticas est\u00e1n vinculadas a la sobre medicaci\u00f3n y a la premura con que se privilegia el uso del electroshock ante los m\u00e9todos menos invasivos. En este aspecto vale subrayar que las opiniones son justamente las de los pacientes, y no la de profesionales de la salud mental.<\/p>\n<p>Y volvemos a la radio. Esa radio donde exponen, denuncian, r\u00eden, discuten y se enamoran. Esa radio que hace que sus sonidos generen, por esta vez, un buen resplandor.<\/p>\n<p>Fuente: https:\/\/cartelera.montevideo.com.uy\/averespectaculo.aspx?18712<\/p>\n<h2><strong>M\u00e1s sobre \u00abLocura al aire\u00bb<\/strong><\/h2>\n<p><iframe class=\"video\" title=\"YouTube video player\" src=\"https:\/\/www.youtube.com\/embed\/ZvZadsfp23U?si=waeIKgJPDvwSelR7\" width=\"560\" height=\"315\" frameborder=\"0\" allowfullscreen=\"allowfullscreen\"><\/iframe><\/p>\n<p><iframe class=\"video\" title=\"YouTube video player\" src=\"https:\/\/www.youtube.com\/embed\/rDwrp0YoFkE?si=Qj_K0TinYqKCda2H\" width=\"560\" height=\"315\" frameborder=\"0\" allowfullscreen=\"allowfullscreen\"><\/iframe><\/p>\n<p><iframe class=\"video\" title=\"YouTube video player\" src=\"https:\/\/www.youtube.com\/embed\/wGsJIGSz6MQ?si=152ghEt_LdH4qLZ8\" width=\"560\" height=\"315\" frameborder=\"0\" allowfullscreen=\"allowfullscreen\"><\/iframe><\/p>\n<p><iframe class=\"video\" title=\"YouTube video player\" src=\"https:\/\/www.youtube.com\/embed\/ooGSF8iG86Y?si=h05ApzT2WxIMd7OT\" width=\"560\" height=\"315\" frameborder=\"0\" allowfullscreen=\"allowfullscreen\"><\/iframe><\/p>\n<div class=\"pvc_clear\"><\/div>\n<p id=\"pvc_stats_663\" class=\"pvc_stats all  \" data-element-id=\"663\" style=\"\"><i class=\"pvc-stats-icon large\" aria-hidden=\"true\"><svg aria-hidden=\"true\" focusable=\"false\" data-prefix=\"far\" data-icon=\"chart-bar\" role=\"img\" xmlns=\"http:\/\/www.w3.org\/2000\/svg\" viewBox=\"0 0 512 512\" class=\"svg-inline--fa fa-chart-bar fa-w-16 fa-2x\"><path fill=\"currentColor\" d=\"M396.8 352h22.4c6.4 0 12.8-6.4 12.8-12.8V108.8c0-6.4-6.4-12.8-12.8-12.8h-22.4c-6.4 0-12.8 6.4-12.8 12.8v230.4c0 6.4 6.4 12.8 12.8 12.8zm-192 0h22.4c6.4 0 12.8-6.4 12.8-12.8V140.8c0-6.4-6.4-12.8-12.8-12.8h-22.4c-6.4 0-12.8 6.4-12.8 12.8v198.4c0 6.4 6.4 12.8 12.8 12.8zm96 0h22.4c6.4 0 12.8-6.4 12.8-12.8V204.8c0-6.4-6.4-12.8-12.8-12.8h-22.4c-6.4 0-12.8 6.4-12.8 12.8v134.4c0 6.4 6.4 12.8 12.8 12.8zM496 400H48V80c0-8.84-7.16-16-16-16H16C7.16 64 0 71.16 0 80v336c0 17.67 14.33 32 32 32h464c8.84 0 16-7.16 16-16v-16c0-8.84-7.16-16-16-16zm-387.2-48h22.4c6.4 0 12.8-6.4 12.8-12.8v-70.4c0-6.4-6.4-12.8-12.8-12.8h-22.4c-6.4 0-12.8 6.4-12.8 12.8v70.4c0 6.4 6.4 12.8 12.8 12.8z\" class=\"\"><\/path><\/svg><\/i> <img decoding=\"async\" width=\"16\" height=\"16\" alt=\"Loading\" src=\"https:\/\/radiovilardevoz.org\/wp-content\/plugins\/page-views-count\/ajax-loader-2x.gif\" border=0 \/><\/p>\n<div class=\"pvc_clear\"><\/div>\n","protected":false},"excerpt":{"rendered":"<p>27 de octubre de 2020 Resumen En un deteriorado hospital psiqui\u00e1trico de Montevideo funciona desde hace 20 a\u00f1os Radio Vilardevoz, conducida por un grupo variopinto de pacientes y psic\u00f3logos. Cuando&hellip; <\/p>\n<div class=\"pvc_clear\"><\/div>\n<p id=\"pvc_stats_663\" class=\"pvc_stats all  \" data-element-id=\"663\" style=\"\"><i class=\"pvc-stats-icon large\" aria-hidden=\"true\"><svg aria-hidden=\"true\" focusable=\"false\" data-prefix=\"far\" data-icon=\"chart-bar\" role=\"img\" xmlns=\"http:\/\/www.w3.org\/2000\/svg\" viewBox=\"0 0 512 512\" class=\"svg-inline--fa fa-chart-bar fa-w-16 fa-2x\"><path fill=\"currentColor\" d=\"M396.8 352h22.4c6.4 0 12.8-6.4 12.8-12.8V108.8c0-6.4-6.4-12.8-12.8-12.8h-22.4c-6.4 0-12.8 6.4-12.8 12.8v230.4c0 6.4 6.4 12.8 12.8 12.8zm-192 0h22.4c6.4 0 12.8-6.4 12.8-12.8V140.8c0-6.4-6.4-12.8-12.8-12.8h-22.4c-6.4 0-12.8 6.4-12.8 12.8v198.4c0 6.4 6.4 12.8 12.8 12.8zm96 0h22.4c6.4 0 12.8-6.4 12.8-12.8V204.8c0-6.4-6.4-12.8-12.8-12.8h-22.4c-6.4 0-12.8 6.4-12.8 12.8v134.4c0 6.4 6.4 12.8 12.8 12.8zM496 400H48V80c0-8.84-7.16-16-16-16H16C7.16 64 0 71.16 0 80v336c0 17.67 14.33 32 32 32h464c8.84 0 16-7.16 16-16v-16c0-8.84-7.16-16-16-16zm-387.2-48h22.4c6.4 0 12.8-6.4 12.8-12.8v-70.4c0-6.4-6.4-12.8-12.8-12.8h-22.4c-6.4 0-12.8 6.4-12.8 12.8v70.4c0 6.4 6.4 12.8 12.8 12.8z\" class=\"\"><\/path><\/svg><\/i> <img decoding=\"async\" width=\"16\" height=\"16\" alt=\"Loading\" src=\"https:\/\/radiovilardevoz.org\/wp-content\/plugins\/page-views-count\/ajax-loader-2x.gif\" border=0 \/><\/p>\n<div class=\"pvc_clear\"><\/div>\n","protected":false},"author":7,"featured_media":665,"comment_status":"open","ping_status":"open","sticky":false,"template":"","format":"standard","meta":{"footnotes":""},"categories":[14,7],"tags":[],"class_list":["post-663","post","type-post","status-publish","format-standard","has-post-thumbnail","hentry","category-antimanicomialidades","category-noticias-destacadas"],"_links":{"self":[{"href":"https:\/\/radiovilardevoz.org\/index.php?rest_route=\/wp\/v2\/posts\/663","targetHints":{"allow":["GET"]}}],"collection":[{"href":"https:\/\/radiovilardevoz.org\/index.php?rest_route=\/wp\/v2\/posts"}],"about":[{"href":"https:\/\/radiovilardevoz.org\/index.php?rest_route=\/wp\/v2\/types\/post"}],"author":[{"embeddable":true,"href":"https:\/\/radiovilardevoz.org\/index.php?rest_route=\/wp\/v2\/users\/7"}],"replies":[{"embeddable":true,"href":"https:\/\/radiovilardevoz.org\/index.php?rest_route=%2Fwp%2Fv2%2Fcomments&post=663"}],"version-history":[{"count":9,"href":"https:\/\/radiovilardevoz.org\/index.php?rest_route=\/wp\/v2\/posts\/663\/revisions"}],"predecessor-version":[{"id":953,"href":"https:\/\/radiovilardevoz.org\/index.php?rest_route=\/wp\/v2\/posts\/663\/revisions\/953"}],"wp:featuredmedia":[{"embeddable":true,"href":"https:\/\/radiovilardevoz.org\/index.php?rest_route=\/wp\/v2\/media\/665"}],"wp:attachment":[{"href":"https:\/\/radiovilardevoz.org\/index.php?rest_route=%2Fwp%2Fv2%2Fmedia&parent=663"}],"wp:term":[{"taxonomy":"category","embeddable":true,"href":"https:\/\/radiovilardevoz.org\/index.php?rest_route=%2Fwp%2Fv2%2Fcategories&post=663"},{"taxonomy":"post_tag","embeddable":true,"href":"https:\/\/radiovilardevoz.org\/index.php?rest_route=%2Fwp%2Fv2%2Ftags&post=663"}],"curies":[{"name":"wp","href":"https:\/\/api.w.org\/{rel}","templated":true}]}}